{"id":6475,"date":"2026-01-13T20:35:37","date_gmt":"2026-01-13T19:35:37","guid":{"rendered":"https:\/\/www.multipole-interim.com\/?post_type=actualite&#038;p=6475"},"modified":"2026-01-13T21:04:23","modified_gmt":"2026-01-13T20:04:23","slug":"retour-sur-2025","status":"publish","type":"actualite","link":"https:\/\/www.multipole-interim.com\/fr\/actualite\/retour-sur-2025\/","title":{"rendered":"2025 chez MULTIP\u00d4LE : une ann\u00e9e anniversaire tourn\u00e9e vers l\u2019humain"},"content":{"rendered":"<div class=\"row\"><div class=\"col-12 heading\">\n<h2 class=\"wp-block-heading\">10 ans d\u2019int\u00e9rim pour vous r\u00e9ussir<\/h2>\n<\/div><\/div>\n\n<div class=\"row\"><div class=\"col-12 paragraph\">\n<p>Cr\u00e9\u00e9 en 2015, MULTIP\u00d4LE s\u2019est impos\u00e9 comme un acteur sp\u00e9cialis\u00e9 dans le recrutement de main-d\u2019\u0153uvre europ\u00e9enne, en accompagnant les int\u00e9rimaires dans leurs d\u00e9marches administratives, de logement et de transport ainsi que les entreprises dans leurs besoins de comp\u00e9tences. En 2025, cet anniversaire marque une d\u00e9cennie de partenariats durables avec les secteurs agroalimentaire, industriel et du b\u00e2timent, notamment dans les r\u00e9gions Pays de la Loire et Bretagne.<\/p>\n<\/div><\/div>\n\n<div class=\"row\"><div class=\"col-12 heading\">\n<h2 class=\"wp-block-heading\">La pr\u00e9vention sant\u00e9 &amp; s\u00e9curit\u00e9 au c\u0153ur des pr\u00e9occupations MULTIP\u00d4LE<\/h2>\n<\/div><\/div>\n\n<div class=\"row\"><div class=\"col-12 paragraph\">\n<p>En 2025, MULTIP\u00d4LE a form\u00e9 ses coordinateurs terrains \u00e0 la formation SST. Cette initiative vise \u00e0 renforcer les comp\u00e9tences en mati\u00e8re de pr\u00e9vention et d\u2019intervention d\u2019urgence. MULTIP\u00d4LE a \u00e9galement particip\u00e9 au s\u00e9minaire sant\u00e9 et s\u00e9curit\u00e9 organis\u00e9 par l\u2019un de ses clients en Bretagne, via t\u00e9moignages, ateliers et \u00e9changes enrichissants. Parall\u00e8lement \u00e0 cette action de formation, MULTIP\u00d4LE a engag\u00e9 une campagne de distribution de trousses de premiers secours individuelles \u00e0 destination de l\u2019ensemble des collaborateurs permanents. Chaque salari\u00e9 disposera de cet \u00e9quipement de base dans son v\u00e9hicule. Cette implication refl\u00e8te l\u2019engagement responsable de l\u2019agence pour la&nbsp;pr\u00e9vention des risques. Les \u00e9quipes contribuent ainsi \u00e0 une&nbsp;s\u00e9curit\u00e9 partag\u00e9e&nbsp;entre int\u00e9rimaires, clients et encadrement.<\/p>\n<\/div><\/div>\n\n<div class=\"row\"><div class=\"col-12 heading\">\n<h2 class=\"wp-block-heading\">La formation, une cl\u00e9 pour le d\u00e9veloppement de nos activit\u00e9s<\/h2>\n<\/div><\/div>\n\n<div class=\"row\"><div class=\"col-12 paragraph\">\n<p>En 2025, nous avons poursuivi notre dynamique de formation renfor\u00e7ant ainsi la mont\u00e9e en comp\u00e9tence de nos int\u00e9rimaires. Ils ont pu \u00eatre notamment form\u00e9 au CACES ponts roulants et gerbeurs automoteurs, \u00e0 la gestion du bien \u00eatre animal et des retraits des carcasses, \u00e0 la d\u00e9coupe\/d\u00e9sossage, \u00e0 l\u2019aff\u00fbtage\/affilage. Nous avons \u00e9galement d\u00e9velopp\u00e9 en partenariat avec nos clients mis des formations de conducteurs de lignes.<\/p>\n<\/div><\/div>\n\n<div class=\"row\"><div class=\"col-12 heading\">\n<h2 class=\"wp-block-heading\">Une ann\u00e9e plac\u00e9e sous le signe du sport et de la coh\u00e9sion<\/h2>\n<\/div><\/div>\n\n<div class=\"row\"><div class=\"col-12 paragraph\">\n<p>Quatri\u00e8me participation cons\u00e9cutive au&nbsp;<strong>Canovttathlon<\/strong>&nbsp;de Saint-Gilles-Croix-de-Vie pour les \u00e9quipes des trois agences MULTIP\u00d4LE de Saint-Hilaire de Riez, Cholet et Pontivy. Au programme : run and bike, travers\u00e9e en baleini\u00e8re, course \u00e0 pied et d\u00e9fis collectifs. Ces \u00e9preuves sportives incarnent les valeurs de coh\u00e9sion et d\u2019engagement qui animent le quotidien des \u00e9quipes dans l\u2019<strong>accompagnement int\u00e9rimaires<\/strong>&nbsp;et l\u2019appui aux entreprises partenaires.<\/p>\n<\/div><\/div>\n\n<div class=\"row\"><div class=\"col-12 heading\">\n<h2 class=\"wp-block-heading\">Un s\u00e9minaire d\u2019\u00e9quipe pour c\u00e9l\u00e9brer les 10 ans<\/h2>\n<\/div><\/div>\n\n<div class=\"row\"><div class=\"col-12 paragraph\">\n<p>Pour f\u00eater ses 10 ans, l\u2019\u00e9quipe MULTIP\u00d4LE s\u2019est r\u00e9unie \u00e0 l\u2019occasion de son s\u00e9minaire annuel. Lors d\u2019une matin\u00e9e d\u2019\u00e9change a \u00e9t\u00e9 \u00e9voqu\u00e9 le bilan 2025 et les perspectives de croissance pour l\u2019ann\u00e9e 2026. Nous avons poursuivi avec des activit\u00e9s collectives et de moments de convivialit\u00e9 pour renforcer les liens entre collaborateurs. Ce rendez-vous annuel est une excellente occasion pour renforcer les liens entre les \u00e9quipes, et nourrir une culture d\u2019entreprise fond\u00e9e sur le partage et la bonne humeur.<\/p>\n<\/div><\/div>\n\n<div class=\"row\"><div class=\"col-12 paragraph\">\n<p>Cinq mots r\u00e9sument cette parenth\u00e8se revigorante :&nbsp;<strong>Unit\u00e9<\/strong>,&nbsp;<strong>Coh\u00e9sion<\/strong>,&nbsp;<strong>Partage<\/strong>,&nbsp;<strong>Projets<\/strong>&nbsp;et <strong>Engagement.<\/strong><\/p>\n<\/div><\/div>","protected":false},"excerpt":{"rendered":"<p>En 2025, MULTIP\u00d4LE a c\u00e9l\u00e9br\u00e9 ses 10 ans d\u2019engagement aux c\u00f4t\u00e9s des entreprises tout en poursuivant sa mission : la mise \u00e0 disposition de main d\u2019\u0153uvre europ\u00e9enne au service des entreprises du Grand Ouest. 2025 a \u00e9t\u00e9 rythm\u00e9e par des moments cl\u00e9s \u00e0 la crois\u00e9e du d\u00e9veloppement, de la coh\u00e9sion d\u2019\u00e9quipe et de la s\u00e9curit\u00e9 au travail. Retour sur ces temps forts\u2026<\/p>\n","protected":false},"featured_media":6476,"template":"","categorie_actualite":[],"class_list":["post-6475","actualite","type-actualite","status-publish","has-post-thumbnail","hentry"],"acf":[],"_links":{"self":[{"href":"https:\/\/www.multipole-interim.com\/fr\/wp-json\/wp\/v2\/actualite\/6475","targetHints":{"allow":["GET"]}}],"collection":[{"href":"https:\/\/www.multipole-interim.com\/fr\/wp-json\/wp\/v2\/actualite"}],"about":[{"href":"https:\/\/www.multipole-interim.com\/fr\/wp-json\/wp\/v2\/types\/actualite"}],"version-history":[{"count":2,"href":"https:\/\/www.multipole-interim.com\/fr\/wp-json\/wp\/v2\/actualite\/6475\/revisions"}],"predecessor-version":[{"id":6480,"href":"https:\/\/www.multipole-interim.com\/fr\/wp-json\/wp\/v2\/actualite\/6475\/revisions\/6480"}],"wp:featuredmedia":[{"embeddable":true,"href":"https:\/\/www.multipole-interim.com\/fr\/wp-json\/wp\/v2\/media\/6476"}],"wp:attachment":[{"href":"https:\/\/www.multipole-interim.com\/fr\/wp-json\/wp\/v2\/media?parent=6475"}],"wp:term":[{"taxonomy":"categorie_actualite","embeddable":true,"href":"https:\/\/www.multipole-interim.com\/fr\/wp-json\/wp\/v2\/categorie_actualite?post=6475"}],"curies":[{"name":"wp","href":"https:\/\/api.w.org\/{rel}","templated":true}]}}